{"id":8573,"date":"2025-11-18T18:59:26","date_gmt":"2025-11-18T17:59:26","guid":{"rendered":"https:\/\/www.dmoz.fr\/tendances\/chute-karine-le-marchand\/"},"modified":"2025-11-18T18:59:26","modified_gmt":"2025-11-18T17:59:26","slug":"chute-karine-le-marchand","status":"publish","type":"post","link":"https:\/\/www.dmoz.fr\/tendances\/chute-karine-le-marchand\/","title":{"rendered":"La chute de Karine Le Marchand un incident mineur qui illustre l&rsquo;attention constante port\u00e9e aux personnalit\u00e9s de la t\u00e9l\u00e9vision"},"content":{"rendered":"<p><strong>En bref :<\/strong> La chute inattendue de Karine Le Marchand lors du tournage d&rsquo;une \u00e9mission phare a suscit\u00e9 un vif \u00e9moi dans la presse sp\u00e9cialis\u00e9e. Cet incident mineur, mais m\u00e9diatis\u00e9, illustre la vigilance accrue li\u00e9e \u00e0 la s\u00e9curit\u00e9 des c\u00e9l\u00e9brit\u00e9s de la t\u00e9l\u00e9vision fran\u00e7aise. L&rsquo;\u00e9v\u00e9nement a mis en lumi\u00e8re l&rsquo;attention constante que les producteurs et agents portent \u00e0 la protection des personnalit\u00e9s face aux impr\u00e9vus, m\u00eame d&rsquo;une gravit\u00e9 toute relative. La fragile fronti\u00e8re entre spontan\u00e9it\u00e9 et pr\u00e9vention dans le monde du showbiz reste un sujet d&rsquo;actualit\u00e9 incontournable dans les m\u00e9dias.<\/p>\n\n<h2 class=\"wp-block-heading\">Une chute spectaculaire de Karine Le Marchand lors d\u2019un tournage sous haute surveillance<\/h2>\n\n<p>Depuis plusieurs ann\u00e9es, <a href=\"https:\/\/www.dmoz.fr\/tendances\/alerte-vent-violent-les-zones-concernees-et-les-consignes-de-securite\/\">la s\u00e9curit\u00e9 dans les tournages<\/a> fait partie int\u00e9grante du processus de production des \u00e9missions t\u00e9l\u00e9vis\u00e9es. La r\u00e9cente chute de Karine Le Marchand en pleine sc\u00e8ne de <a href=\"https:\/\/www.dmoz.fr\/tendances\/bien-en-chair-11-lettres\/\">La France a un incroyable talent<\/a> n\u2019a donc pas surpris enti\u00e8rement, mais a n\u00e9anmoins captiv\u00e9 l\u2019attention du grand public. Lors d\u2019une s\u00e9quence o\u00f9 elle dansait sur sc\u00e8ne, l\u2019animatrice a tr\u00e9buch\u00e9, se relevant rapidement pour minimiser l&rsquo;\u00e9v\u00e9nement m\u00e9diatique.<\/p>\n\n<p>Ce type d\u2019incident d\u00e9montre que m\u00eame dans un environnement ma\u00eetris\u00e9, les personnalit\u00e9s de la t\u00e9l\u00e9vision restent vuln\u00e9rables face \u00e0 des impr\u00e9vus. La vid\u00e9o concernant cette chute, relay\u00e9e sur <a href=\"https:\/\/www.dmoz.fr\/tendances\/hauteur-main-courante-escalier\/\">les r\u00e9seaux sociaux<\/a>, a rapidement circul\u00e9, alimentant le d\u00e9bat sur la s\u00e9curit\u00e9 en plateau.<\/p>\n\n<h3 class=\"wp-block-heading\">Les enjeux de la s\u00e9curit\u00e9 et de la vigilance dans le monde m\u00e9diatique<\/h3>\n\n<p>Au c\u0153ur de cette crise mineure r\u00e9side une probl\u00e9matique essentielle : la n\u00e9cessit\u00e9 de pr\u00e9venir tout incident pouvant mettre en p\u00e9ril la sant\u00e9 des personnes sous les projecteurs. M\u00eame un \u00e9v\u00e9nement aussi apparemment anodin que la chute de Karine Le Marchand peut devenir un \u00e9v\u00e9nement m\u00e9diatique majeur si une crise de s\u00e9curit\u00e9 est \u00e9voqu\u00e9e dans la sph\u00e8re publique. La surveillance accrue, notamment lors du <a href=\"https:\/\/www.dmoz.fr\/tendances\/alerte-vent-violent-les-zones-concernees-et-les-consignes-de-securite\/\">renforcement des protocoles de s\u00e9curit\u00e9<\/a>, t\u00e9moigne d\u2019une tendance \u00e0 privil\u00e9gier la pr\u00e9vention dans tous les domaines de la t\u00e9l\u00e9vision fran\u00e7aise.<\/p>\n\n<p>Ce souci constant soul\u00e8ve une question : jusqu\u2019o\u00f9 doit-on aller pour garantir aux c\u00e9l\u00e9brit\u00e9s une s\u00e9curit\u00e9 optimale lors des \u00e9v\u00e9nements en direct ou en tournage ? La r\u00e9ponse se trouve probablement dans une synth\u00e8se entre souplesse et rigueur pour \u00e9viter qu\u2019un incident apparemment mineur ne devienne une crise majeure.<\/p>\n\n<figure class=\"is-provider-youtube is-type-video wp-block-embed wp-block-embed-youtube wp-embed-aspect-16-9 wp-has-aspect-ratio\"><div class=\"wp-block-embed__wrapper\">\n<iframe title=\"Mais pourquoi personne n&#039;aime la police ? La r\u00e9ponse de L\u00e9a Drucker\" width=\"720\" height=\"405\" src=\"https:\/\/www.youtube.com\/embed\/VR5BRV6jTL8?feature=oembed\" frameborder=\"0\" allow=\"accelerometer; autoplay; clipboard-write; encrypted-media; gyroscope; picture-in-picture; web-share\" referrerpolicy=\"strict-origin-when-cross-origin\" allowfullscreen><\/iframe>\n<\/div><\/figure>\n\n<h2 class=\"wp-block-heading\">Une pr\u00e9c\u00e9dente exp\u00e9rience qui souligne la prudence des animateurs et c\u00e9l\u00e9brit\u00e9s<\/h2>\n\n<p>Une illustration concr\u00e8te de cette vigilance renforc\u00e9e se retrouve dans la saison pr\u00e9c\u00e9dente, o\u00f9 Karine Le Marchand a fr\u00f4l\u00e9 la chute \u00e0 cause d\u2019un probl\u00e8me dans la configuration de la sc\u00e8ne. Lors de la finale de la saison 19, en d\u00e9cembre 2024, elle a \u00e9vit\u00e9 de justesse un incident similaire, t\u00e9moignant de l\u2019habitude qu\u2019elle a d\u00e9velopp\u00e9e \u00e0 anticiper tout danger potentiel. Son temp\u00e9rament t\u00e9m\u00e9raire est compens\u00e9 par une pr\u00e9paration m\u00e9ticuleuse et une attention redoubl\u00e9e \u00e0 chaque \u00e9tape du tournage.<\/p>\n\n<p>Ce comportement, notamment dans un contexte t\u00e9l\u00e9visuel o\u00f9 chaque d\u00e9tail doit \u00eatre parfait, refl\u00e8te aussi la n\u00e9cessit\u00e9 d\u2019alerter sur l\u2019importance des <a href=\"https:\/\/www.dmoz.fr\/tendances\/alerte-vent-violent-les-zones-concernees-et-les-consignes-de-securite\/\">protocoles de s\u00e9curit\u00e9<\/a> pour toutes les personnalit\u00e9s expos\u00e9es m\u00e9diatiquement.<\/p>\n\n<h3 class=\"wp-block-heading\">Les mesures concr\u00e8tes pour \u00e9viter que le moindre incident ne d\u00e9g\u00e9n\u00e8re<\/h3>\n\n<ul class=\"wp-block-list\"><li>Suivi strict des protocoles de s\u00e9curit\u00e9 sur le plateau<\/li><li>Formation sp\u00e9cifique pour tous les intervenants<\/li><li>V\u00e9rification syst\u00e9matique des installations avant chaque tournage<\/li><li>Pr\u00e9sence de personnel d\u00e9di\u00e9 \u00e0 la s\u00e9curit\u00e9 de l\u2019\u00e9quipe et des artistes<\/li><li>Utilisation d\u2019\u00e9quipements de s\u00e9curit\u00e9 innovants pour pr\u00e9venir tout d\u00e9sagr\u00e9ment<\/li><\/ul>\n\n<p>En adoptant ces d\u00e9marches, la t\u00e9l\u00e9vision fran\u00e7aise continue sa mutation vers une profession o\u00f9 la <strong>protection des c\u00e9l\u00e9brit\u00e9s<\/strong> devient une priorit\u00e9 absolue, contribuant \u00e0 maintenir leur image tout en assurant leur bien-\u00eatre dans l\u2019univers impitoyable du spectacle.<\/p>\n\n<h2 class=\"wp-block-heading\">L\u2019impact m\u00e9diatique et les le\u00e7ons \u00e0 tirer pour le futur dans le monde de la t\u00e9l\u00e9vision<\/h2>\n\n<p>Par cet incident mineur, la presse et le grand public ont \u00e9t\u00e9 rappel\u00e9s \u00e0 l\u2019importance d\u2019une vigilance sans faille, notamment face aux <a href=\"https:\/\/www.dmoz.fr\/tendances\/bitcoin-crash\/\">ph\u00e9nom\u00e8nes de chutes de notori\u00e9t\u00e9<\/a> ou \u00e0 d\u2019autres risques impr\u00e9vus. La couverture de cette situation par les m\u00e9dias a aliment\u00e9 un d\u00e9bat plus large sur l\u2019\u00e9quilibre \u00e0 maintenir entre spontan\u00e9it\u00e9 et s\u00e9curit\u00e9 pour toutes les personnalit\u00e9s de la t\u00e9l\u00e9vision.<\/p>\n\n<figure class=\"wp-block-table\"><table>\n<thead>\n<tr>\n<th>Sujet<\/th>\n<th>Description<\/th>\n<\/tr>\n<\/thead>\n<tbody>\n<tr>\n<td>S\u00e9curit\u00e9<\/td>\n<td>Protocoles renforc\u00e9s pour pr\u00e9venir tout incident lors des tournages ou animations en direct<\/td>\n<\/tr>\n<tr>\n<td>Vigilance<\/td>\n<td>Formation sp\u00e9cifique du personnel pour assurer une r\u00e9action rapide face \u00e0 tout impr\u00e9vu<\/td>\n<\/tr>\n<tr>\n<td>Communication<\/td>\n<td>Gestion de crise pour \u00e9viter la diffusion d\u2019informations erron\u00e9es ou amplifi\u00e9es<\/td>\n<\/tr>\n<\/tbody>\n<\/table><\/figure>\n\n<script type=\"application\/ld+json\">\n{\"@context\":\"https:\/\/schema.org\",\"@type\":\"FAQPage\",\"mainEntity\":[{\"@type\":\"Question\",\"name\":\"Comment Karine Le Marchand a-t-elle gu00e9ru00e9 sa chute lors du dernier tournage ?\",\"acceptedAnswer\":{\"@type\":\"Answer\",\"text\":\"Elle a rapidement rassuru00e9 ses collu00e8gues avec humour, expliquant que c'u00e9tait une simple maladresse, et a repris le travail sans souci.\"}},{\"@type\":\"Question\",\"name\":\"Quels sont les enjeux de la su00e9curitu00e9 pour les cu00e9lu00e9britu00e9s tu00e9lu00e9visu00e9es ?\",\"acceptedAnswer\":{\"@type\":\"Answer\",\"text\":\"Ils concernent la pru00e9vention des accidents, la protection de leur image et la su00e9curitu00e9 sur le plateau, notamment lors de performances en direct ou en tournage.\"}},{\"@type\":\"Question\",\"name\":\"Comment u00e9viter quu2019un incident mineur devienne mu00e9diatique ?\",\"acceptedAnswer\":{\"@type\":\"Answer\",\"text\":\"En pru00e9parant minutieusement chaque scu00e8ne, en suivant strictement les protocoles de su00e9curitu00e9 et en gu00e9rant efficacement la communication en cas du2019incident.\"}},{\"@type\":\"Question\",\"name\":\"Pourquoi lu2019attention u00e0 la su00e9curitu00e9 est-elle si renforcu00e9e dans la tu00e9lu00e9vision 2025 ?\",\"acceptedAnswer\":{\"@type\":\"Answer\",\"text\":\"Les u00e9vu00e9nements mu00e9diatiques ru00e9cents ont montru00e9 que mu00eame un incident mineur peut avoir un lourd impact sur la ru00e9putation du2019une u00e9mission ou du2019une personnalitu00e9.\"}},{\"@type\":\"Question\",\"name\":\"Existe-t-il des exemples du2019autres accidents similaires ?\",\"acceptedAnswer\":{\"@type\":\"Answer\",\"text\":\"Oui, du2019autres animateurs ont u00e9tu00e9 victimes de chutes ou du2019incidents lors de tournages, ce qui pousse u00e0 une vigilance constante.\"}}]}\n<\/script>\n<h3>Comment Karine Le Marchand a-t-elle g\u00e9r\u00e9 sa chute lors du dernier tournage ?<\/h3>\n<p>Elle a rapidement rassur\u00e9 ses coll\u00e8gues avec humour, expliquant que c&rsquo;\u00e9tait une simple maladresse, et a repris le travail sans souci.<\/p>\n<h3>Quels sont les enjeux de la s\u00e9curit\u00e9 pour les c\u00e9l\u00e9brit\u00e9s t\u00e9l\u00e9vis\u00e9es ?<\/h3>\n<p>Ils concernent la pr\u00e9vention des accidents, la protection de leur image et la s\u00e9curit\u00e9 sur le plateau, notamment lors de performances en direct ou en tournage.<\/p>\n<h3>Comment \u00e9viter qu\u2019un incident mineur devienne m\u00e9diatique ?<\/h3>\n<p>En pr\u00e9parant minutieusement chaque sc\u00e8ne, en suivant strictement les protocoles de s\u00e9curit\u00e9 et en g\u00e9rant efficacement la communication en cas d\u2019incident.<\/p>\n<h3>Pourquoi l\u2019attention \u00e0 la s\u00e9curit\u00e9 est-elle si renforc\u00e9e dans la t\u00e9l\u00e9vision 2025 ?<\/h3>\n<p>Les \u00e9v\u00e9nements m\u00e9diatiques r\u00e9cents ont montr\u00e9 que m\u00eame un incident mineur peut avoir un lourd impact sur la r\u00e9putation d\u2019une \u00e9mission ou d\u2019une personnalit\u00e9.<\/p>\n<h3>Existe-t-il des exemples d\u2019autres accidents similaires ?<\/h3>\n<p>Oui, d\u2019autres animateurs ont \u00e9t\u00e9 victimes de chutes ou d\u2019incidents lors de tournages, ce qui pousse \u00e0 une vigilance constante.<\/p>\n\n","protected":false},"excerpt":{"rendered":"<p>En bref : La chute inattendue de Karine Le Marchand lors du tournage d&rsquo;une \u00e9mission phare a suscit\u00e9 un vif \u00e9moi dans la presse sp\u00e9cialis\u00e9e. Cet incident mineur, mais m\u00e9diatis\u00e9, illustre la vigilance accrue li\u00e9e \u00e0 la s\u00e9curit\u00e9 des c\u00e9l\u00e9brit\u00e9s de la t\u00e9l\u00e9vision fran\u00e7aise. L&rsquo;\u00e9v\u00e9nement a mis en lumi\u00e8re l&rsquo;attention constante que les producteurs et&#8230;<\/p>\n","protected":false},"author":1,"featured_media":0,"comment_status":"open","ping_status":"","sticky":false,"template":"","format":"standard","meta":{"_kad_post_transparent":"","_kad_post_title":"","_kad_post_layout":"","_kad_post_sidebar_id":"","_kad_post_content_style":"","_kad_post_vertical_padding":"","_kad_post_feature":"","_kad_post_feature_position":"","_kad_post_header":false,"_kad_post_footer":false,"_kad_post_classname":"","iawp_total_views":0,"footnotes":""},"categories":[1],"tags":[122,119,120,118,121],"class_list":["post-8573","post","type-post","status-publish","format-standard","hentry","category-actualites","tag-attention-constante","tag-chute","tag-incident-mineur","tag-karine-le-marchand","tag-personnalites-de-la-television"],"_links":{"self":[{"href":"https:\/\/www.dmoz.fr\/tendances\/wp-json\/wp\/v2\/posts\/8573","targetHints":{"allow":["GET"]}}],"collection":[{"href":"https:\/\/www.dmoz.fr\/tendances\/wp-json\/wp\/v2\/posts"}],"about":[{"href":"https:\/\/www.dmoz.fr\/tendances\/wp-json\/wp\/v2\/types\/post"}],"author":[{"embeddable":true,"href":"https:\/\/www.dmoz.fr\/tendances\/wp-json\/wp\/v2\/users\/1"}],"replies":[{"embeddable":true,"href":"https:\/\/www.dmoz.fr\/tendances\/wp-json\/wp\/v2\/comments?post=8573"}],"version-history":[{"count":0,"href":"https:\/\/www.dmoz.fr\/tendances\/wp-json\/wp\/v2\/posts\/8573\/revisions"}],"wp:attachment":[{"href":"https:\/\/www.dmoz.fr\/tendances\/wp-json\/wp\/v2\/media?parent=8573"}],"wp:term":[{"taxonomy":"category","embeddable":true,"href":"https:\/\/www.dmoz.fr\/tendances\/wp-json\/wp\/v2\/categories?post=8573"},{"taxonomy":"post_tag","embeddable":true,"href":"https:\/\/www.dmoz.fr\/tendances\/wp-json\/wp\/v2\/tags?post=8573"}],"curies":[{"name":"wp","href":"https:\/\/api.w.org\/{rel}","templated":true}]}}